[{"@context":"https:\/\/schema.org\/","@type":"Article","@id":"https:\/\/www.vuso.sk\/novinky-z-uradov-prace\/#Article","mainEntityOfPage":"https:\/\/www.vuso.sk\/novinky-z-uradov-prace\/","headline":"Novinky z \u00faradov pr\u00e1ce","name":"Novinky z \u00faradov pr\u00e1ce","description":"St\u00e1le existuj\u00fa dva typy kurzov, ktor\u00e9 poskytuje na preplatenie \u00farad pr\u00e1ce. A\u00a0to s\u00fa rekvalifika\u010dn\u00fd a\u00a0kompeten\u010dn\u00fd kurz. Oproti minul\u00e9mu roku sa udiali r\u00f4zne zmeny, preto sa nev\u00e1hajte op\u00fdta\u0165 aj na \u00farade pr\u00e1ce, okrem toho, \u017ee si pre\u010d\u00edtate tento \u010dl\u00e1nok. 1.\u00a0\u00a0\u00a0\u00a0\u00a0 Rekvalifika\u010dn\u00fd kurz Tento kurz sa naz\u00fdva Repas plus. N\u00e1zov kurzu nazna\u010duje, \u017ee sa jedn\u00e1 o\u00a0rekvalifik\u00e1ciu, preto\u017ee &hellip;","datePublished":"2025-03-01","dateModified":"2023-04-26","author":{"@type":"Person","@id":"https:\/\/www.vuso.sk\/author\/#Person","name":"","url":"https:\/\/www.vuso.sk\/author\/","identifier":1,"image":{"@type":"ImageObject","@id":"https:\/\/secure.gravatar.com\/avatar\/eaa8d03c255e1a749937a03afe319562d500ac9ddac78a88a8e436c8d21c5e47?s=96&d=mm&r=g","url":"https:\/\/secure.gravatar.com\/avatar\/eaa8d03c255e1a749937a03afe319562d500ac9ddac78a88a8e436c8d21c5e47?s=96&d=mm&r=g","height":96,"width":96}},"publisher":{"@type":"Organization","name":"vuso.sk","logo":{"@type":"ImageObject","@id":"\/logo.png","url":"\/logo.png","width":600,"height":60}},"image":{"@type":"ImageObject","@id":"https:\/\/www.vuso.sk\/wp-content\/uploads\/img_a285418_w16548_t1520339779.jpg","url":"https:\/\/www.vuso.sk\/wp-content\/uploads\/img_a285418_w16548_t1520339779.jpg","height":0,"width":0},"url":"https:\/\/www.vuso.sk\/novinky-z-uradov-prace\/","about":["Vzdelanie"],"wordCount":371,"articleBody":"St\u00e1le existuj\u00fa dva typy kurzov, ktor\u00e9 poskytuje na preplatenie \u00farad pr\u00e1ce. A\u00a0to s\u00fa rekvalifika\u010dn\u00fd a\u00a0kompeten\u010dn\u00fd kurz. Oproti minul\u00e9mu roku sa udiali r\u00f4zne zmeny, preto sa nev\u00e1hajte op\u00fdta\u0165 aj na \u00farade pr\u00e1ce, okrem toho, \u017ee si pre\u010d\u00edtate tento \u010dl\u00e1nok.\t1.\u00a0\u00a0\u00a0\u00a0\u00a0 Rekvalifika\u010dn\u00fd kurzTento kurz sa naz\u00fdva Repas plus. N\u00e1zov kurzu nazna\u010duje, \u017ee sa jedn\u00e1 o\u00a0rekvalifik\u00e1ciu, preto\u017ee sa \u010dlovek s\u00a0danou kvalifik\u00e1ciou nevie dostato\u010dne zamestna\u0165. No vlastne v\u00f4bec a\u00a0pr\u00e1ve preto je na \u00farade pr\u00e1ce. Pre rekvalifika\u010dn\u00fd kurz sa rozhodne tak\u00fd \u010dlovek, ktor\u00fd nie je spokojn\u00fd so svoj\u00edm s\u00fa\u010dasn\u00fdm zamestnan\u00edm a\u00a0chce zmeni\u0165 svoje zameranie a\u00a0smerovanie v\u00a0profesijnom \u017eivote.Na v\u00fdber s\u00fa kurzy, ako napr\u00edklad kurz opatrovania, SBS, kozmeti\u010diek a\u00a0podobn\u00fdch kvalifik\u00e1cii, na ktor\u00e9 nie je potrebn\u00e9 \u0161tudova\u0165 cel\u00e9 \u0161t\u00fadium na \u0161kole. Podobne sa zvykn\u00fa prepl\u00e1ca\u0165 aj kurzy vodi\u010dsk\u00fdch opr\u00e1vnen\u00ed na osobn\u00e9 aut\u00e1 alebo na n\u00e1kladn\u00e9, \u010di traktory.\t2.\u00a0\u00a0\u00a0\u00a0\u00a0 Kompeten\u010dn\u00fd kurzTento kurz sa naz\u00fdva podobne ako prv\u00fd, ale je to Kompas plus. N\u00e1zov kurzu nazna\u010duje, \u017ee sa nejedn\u00e1 o\u00a0rekvalifik\u00e1ciu, ale o\u00a0nie\u010do in\u00e9. Ide o\u00a0z\u00edskanie nov\u00fdch kompetenci\u00ed na to, na \u010do sme u\u017e kvalifikovan\u00fd. Alebo z\u00edskanie v\u0161eobecn\u00fdch znalost\u00ed, ktor\u00e9 potrebujeme na v\u00fdkon n\u00e1\u0161ho povolanie, na ktor\u00e9 sme vyu\u010den\u00ed.Medzi tieto kurzy patria napr\u00edklad kurzy projektov\u00e9ho riadenia, anglick\u00e9ho, nemeck\u00e9ho alebo ktor\u00e9hoko\u013evek jazyka, po\u010d\u00edta\u010dov\u00e9 kurzy a\u00a0podobne.Oproti minul\u00e9mu roku sa zmenilo aj vekov\u00e9 obmedzenie. Kompeten\u010dn\u00e9 kurzy boli prepl\u00e1can\u00e9 len mlad\u00fdm \u013eudom do dvadsa\u0165dev\u00e4\u0165 rokov. Ten, \u010do u\u017e mal dvadsa\u0165dev\u00e4\u0165 u\u017e nemal \u0161ancu. Aj to sa v\u0161ak zmenilo, a\u017e v\u00a0apr\u00edli minul\u00e9ho roka, tak uvid\u00edme, \u010di n\u00e1s tento rok \u010dak\u00e1 rovnak\u00fd v\u00fdvin alebo nie. Sn\u00e1\u010f nie, preto\u017ee je to hl\u00fapos\u0165.Na str\u00e1nkach \u00faradov pr\u00e1ce n\u00e1jdete presn\u00e9 zaradenie jednotliv\u00fdch kurzov do t\u00fdchto kateg\u00f3rii, keby ste v\u00a0mojom popise n\u00e1hodou nena\u0161li, ten \u010do ste pr\u00e1ve h\u013eadali.\u00a0                                                                                                                                                                                                                                                                                                                                                                                        3.5\/5 - (6 votes)        "},{"@context":"https:\/\/schema.org\/","@type":"BreadcrumbList","itemListElement":[{"@type":"ListItem","position":1,"name":"Novinky z \u00faradov pr\u00e1ce","item":"https:\/\/www.vuso.sk\/novinky-z-uradov-prace\/#breadcrumbitem"}]}]